{"id":1419,"date":"2024-05-10T22:26:05","date_gmt":"2024-05-10T20:26:05","guid":{"rendered":"https:\/\/lhg-ffm.de\/?p=1419"},"modified":"2024-05-10T22:26:05","modified_gmt":"2024-05-10T20:26:05","slug":"kein-platz-fuer-antisemitismus-an-hessischen-universitaeten","status":"publish","type":"post","link":"https:\/\/lhg-ffm.de\/?p=1419","title":{"rendered":"Kein Platz f\u00fcr Antisemitismus an hessischen Universit\u00e4ten"},"content":{"rendered":"\n<p>Erneut kam es heute an der Goethe Universit\u00e4t Frankfurt zu pro-pal\u00e4stinensischen Protesten, in deren Zuge unter anderem die Parole \u201efrom the river to the see\u201c gerufen und damit das Existenzrecht Israels geleugnet wurde. Die Liberale Hochschulgruppe (LHG) Frankfurt und der LHG-Landesverband verurteilen die Demonstrationen, die Hass und ein Klima der Ausgrenzung f\u00fcr j\u00fcdische Studierende verbreiten.&nbsp;<\/p>\n\n\n\n<p>\u201eWir sind im engen Dialog mit j\u00fcdischen Verb\u00e4nden, Studierenden und Dozenten und wissen, dass einige von ihnen tats\u00e4chlich Angst haben, den Campus w\u00e4hrend solcher Proteste zu betreten\u201c, sagt Sydney Grabo, Vorsitzende der LHG Frankfurt. Der Landesvorsitzende der LHG Hessen, Fabian Witzel, erg\u00e4nzt: \u201eDie Proteste im PEG-Geb\u00e4ude und vor dem Uni-Pr\u00e4sidium waren offenbar als ,Sturm auf die Uni\u2018 geplant, die \u00fcberschaubare Personenanzahl gab das allerdings zum Gl\u00fcck nicht wirklich her. Wir sind froh, dass die Proteste, anders als etwa in Berlin, ohne t\u00e4tliche Angriffe verlaufen sind. Jedoch wissen wir, dass j\u00fcdische Studierende sehr besorgt sind und das hinter den Protesten ein Netzwerk steckt, das offen Antisemitismus verbreitet.\u201c&nbsp;<\/p>\n\n\n\n<p>Die LHG stellt sich entschieden gegen jede Art der Ausgrenzung und Diskriminierung. Es kann nicht sein, dass sich Studierende aufgrund ihrer Religionszugeh\u00f6rigkeit oder ihrer Herkunft unsicher am Campus f\u00fchlen und Angst vor \u00dcbergriffen haben m\u00fcssen. Wir fordern die Goethe-Universit\u00e4t au\u00dferdem dazu auf, die Proteste genau zu beobachten und volksverhetzende Aussagen, die das Existenzrecht Israels in Frage stellen oder gar leugnen, zu unterbinden. Es darf an Hessens Universit\u00e4ten keinen Platz f\u00fcr Antisemitismus geben!&nbsp;<\/p>\n","protected":false},"excerpt":{"rendered":"<p>Erneut kam es heute an der Goethe Universit\u00e4t Frankfurt zu pro-pal\u00e4stinensischen Protesten, in deren Zuge unter anderem die Parole \u201efrom the river to the see\u201c gerufen und damit das Existenzrecht Israels geleugnet wurde. Die Liberale Hochschulgruppe (LHG) Frankfurt und der LHG-Landesverband verurteilen die Demonstrationen, die Hass und ein Klima der Ausgrenzung f\u00fcr j\u00fcdische Studierende verbreiten.&nbsp; [&hellip;]<\/p>\n","protected":false},"author":70,"featured_media":1420,"comment_status":"open","ping_status":"open","sticky":false,"template":"","format":"standard","meta":{"footnotes":""},"categories":[1],"tags":[],"class_list":["post-1419","post","type-post","status-publish","format-standard","has-post-thumbnail","hentry","category-allgemein"],"_links":{"self":[{"href":"https:\/\/lhg-ffm.de\/index.php?rest_route=\/wp\/v2\/posts\/1419","targetHints":{"allow":["GET"]}}],"collection":[{"href":"https:\/\/lhg-ffm.de\/index.php?rest_route=\/wp\/v2\/posts"}],"about":[{"href":"https:\/\/lhg-ffm.de\/index.php?rest_route=\/wp\/v2\/types\/post"}],"author":[{"embeddable":true,"href":"https:\/\/lhg-ffm.de\/index.php?rest_route=\/wp\/v2\/users\/70"}],"replies":[{"embeddable":true,"href":"https:\/\/lhg-ffm.de\/index.php?rest_route=%2Fwp%2Fv2%2Fcomments&post=1419"}],"version-history":[{"count":1,"href":"https:\/\/lhg-ffm.de\/index.php?rest_route=\/wp\/v2\/posts\/1419\/revisions"}],"predecessor-version":[{"id":1421,"href":"https:\/\/lhg-ffm.de\/index.php?rest_route=\/wp\/v2\/posts\/1419\/revisions\/1421"}],"wp:featuredmedia":[{"embeddable":true,"href":"https:\/\/lhg-ffm.de\/index.php?rest_route=\/wp\/v2\/media\/1420"}],"wp:attachment":[{"href":"https:\/\/lhg-ffm.de\/index.php?rest_route=%2Fwp%2Fv2%2Fmedia&parent=1419"}],"wp:term":[{"taxonomy":"category","embeddable":true,"href":"https:\/\/lhg-ffm.de\/index.php?rest_route=%2Fwp%2Fv2%2Fcategories&post=1419"},{"taxonomy":"post_tag","embeddable":true,"href":"https:\/\/lhg-ffm.de\/index.php?rest_route=%2Fwp%2Fv2%2Ftags&post=1419"}],"curies":[{"name":"wp","href":"https:\/\/api.w.org\/{rel}","templated":true}]}}