{"id":703,"date":"2016-06-30T10:10:14","date_gmt":"2016-06-30T08:10:14","guid":{"rendered":"https:\/\/www.lhg-ffm.de\/?p=703"},"modified":"2024-10-09T04:39:59","modified_gmt":"2024-10-09T02:39:59","slug":"lhg-frankfurt-waehlt-neuen-vorstand","status":"publish","type":"post","link":"https:\/\/lhg-ffm.de\/?p=703","title":{"rendered":"LHG Frankfurt w\u00e4hlt neuen Vorstand"},"content":{"rendered":"<p>Auf der Mitgliederversammlung der LHG Frankfurt am vergangenen Montag wurde Marina Sedlo, 22, Studentin der Rechtswissenschaft, einstimmig als Vorsitzende best\u00e4tigt. <strong>Sedlo<\/strong> zu ihrer Wahl: \u201eIch bedanke mich f\u00fcr das gro\u00dfe Vertrauen, das mir die Gruppe schenkt und freue mich \u00fcber die weitere Zusammenarbeit mit den Mitgliedern.\u201c<\/p>\n<p>Den Vorstand komplettieren <strong>Julius Feldmann<\/strong>, 19, Student der Rechtswissenschaft und <strong>Florat Kuci<\/strong>, 20, Student der Wirtschaftwissenschaften, als stellvertretende Vorsitzende.<br \/>\n<strong>Florian R\u00f6sch<\/strong>, 19, ebenfalls Student der Wirtschaftswissenschaften, wurde als Schatzmeister gew\u00e4hlt.<\/p>\n<p>Auch f\u00fcr ihre neue Amtszeit \u00a0hat sich <strong>Marina Sedlo<\/strong> einige Ziele gesetzt: \u201eDie Wahlbeteiligung sinkt jedes Jahr immer weiter. Dieses Jahr lag sie bei knapp 12%. Die Studierende m\u00fcssen verstehen, dass es im Studierendenparlament um ihr Geld geht und dass man diese Wahl nicht vernachl\u00e4ssigen darf. Wir werden unsere Forderung der transparenten Gremien nicht vernachl\u00e4ssigen und weiterhin durch verschiedene Kan\u00e4le die Studierende informiert halten. Au\u00dferdem werden wir weiterhin um die Umsetzung eines Uni- \u201eWahl-O-Mats\u201c k\u00e4mpfen.\u201c<\/p>\n","protected":false},"excerpt":{"rendered":"<p>Auf der Mitgliederversammlung der LHG Frankfurt am vergangenen Montag wurde Marina Sedlo, 22, Studentin der Rechtswissenschaft, einstimmig als Vorsitzende best\u00e4tigt. Sedlo zu ihrer Wahl: \u201eIch bedanke mich f\u00fcr das gro\u00dfe Vertrauen, das mir die Gruppe schenkt und freue mich \u00fcber die weitere Zusammenarbeit mit den Mitgliedern.\u201c Den Vorstand komplettieren Julius Feldmann, 19, Student der Rechtswissenschaft [&hellip;]<\/p>\n","protected":false},"author":1,"featured_media":0,"comment_status":"open","ping_status":"open","sticky":false,"template":"","format":"standard","meta":{"_monsterinsights_skip_tracking":false,"_monsterinsights_sitenote_active":false,"_monsterinsights_sitenote_note":"","_monsterinsights_sitenote_category":0,"footnotes":""},"categories":[1,2],"tags":[],"class_list":["post-703","post","type-post","status-publish","format-standard","hentry","category-allgemein","category-pressemitteilung"],"_links":{"self":[{"href":"https:\/\/lhg-ffm.de\/index.php?rest_route=\/wp\/v2\/posts\/703","targetHints":{"allow":["GET"]}}],"collection":[{"href":"https:\/\/lhg-ffm.de\/index.php?rest_route=\/wp\/v2\/posts"}],"about":[{"href":"https:\/\/lhg-ffm.de\/index.php?rest_route=\/wp\/v2\/types\/post"}],"author":[{"embeddable":true,"href":"https:\/\/lhg-ffm.de\/index.php?rest_route=\/wp\/v2\/users\/1"}],"replies":[{"embeddable":true,"href":"https:\/\/lhg-ffm.de\/index.php?rest_route=%2Fwp%2Fv2%2Fcomments&post=703"}],"version-history":[{"count":1,"href":"https:\/\/lhg-ffm.de\/index.php?rest_route=\/wp\/v2\/posts\/703\/revisions"}],"predecessor-version":[{"id":1448,"href":"https:\/\/lhg-ffm.de\/index.php?rest_route=\/wp\/v2\/posts\/703\/revisions\/1448"}],"wp:attachment":[{"href":"https:\/\/lhg-ffm.de\/index.php?rest_route=%2Fwp%2Fv2%2Fmedia&parent=703"}],"wp:term":[{"taxonomy":"category","embeddable":true,"href":"https:\/\/lhg-ffm.de\/index.php?rest_route=%2Fwp%2Fv2%2Fcategories&post=703"},{"taxonomy":"post_tag","embeddable":true,"href":"https:\/\/lhg-ffm.de\/index.php?rest_route=%2Fwp%2Fv2%2Ftags&post=703"}],"curies":[{"name":"wp","href":"https:\/\/api.w.org\/{rel}","templated":true}]}}